{"id":1952,"date":"2014-02-02T10:54:59","date_gmt":"2014-02-02T10:54:59","guid":{"rendered":"http:\/\/www.centropurnayoga.it\/?p=1952"},"modified":"2014-02-02T10:55:58","modified_gmt":"2014-02-02T10:55:58","slug":"tempo-dellessere","status":"publish","type":"post","link":"https:\/\/centropurnayoga.it\/yoga\/tempo-dellessere\/","title":{"rendered":"TEMPO DELL&#8217;ESSERE"},"content":{"rendered":"<p>&#8220;Il Tempo dell&#8217;Essere \u00e8 l&#8217;Essere del Tempo! I due sono inscindibili. Tale &#8220;Tempo&#8221; \u00e8 oltre i diversi tempi conosciuti, dato che esso \u00e8 la Natura stessa dell&#8217;Essere. Questa Natura non sa cosa sia il tempo lineare, circolare o eterno. Poich\u00e9 l&#8217;Essere \u00e8 al di l\u00e0 dei movimenti della coscienza abituale, esso vive in un Tempo Reale ove tutti gli accadimenti passati, presenti e futuri, sono simultaneamente presenti ORA! \u00a0 \u00a0 \u00a0 \u00a0 \u00a0 \u00a0Questo tempo \u00e8 Purna, che vuol dire il Tutto Integrato o la Pienezza Completa. \u00a0 \u00a0 \u00a0 \u00a0 \u00a0 \u00a0 \u00a0 \u00a0 La Pienezza Completa possiede ed \u00e8 ogni cosa, poich\u00e8 essa \u00e8 <strong>sempre<\/strong> presente in ogni cosa. Occorre, cos\u00ec, anelare e riconoscere il Tempo dell&#8217;Essere, il che vuole dire &#8220;vivere&#8221; l&#8217;Essere. Solo allora si sveler\u00e0 il mistero profondo del Tempo come viene vissuto dall&#8217;Essere!&#8221;<\/p>\n","protected":false},"excerpt":{"rendered":"<p>&#8220;Il Tempo dell&#8217;Essere \u00e8 l&#8217;Essere del Tempo! I due sono inscindibili. Tale &#8220;Tempo&#8221; \u00e8 oltre i diversi tempi conosciuti, dato che esso \u00e8 la Natura stessa dell&#8217;Essere. Questa Natura non sa cosa sia il tempo lineare, circolare o eterno. Poich\u00e9 l&#8217;Essere \u00e8 al di l\u00e0 dei movimenti della coscienza abituale, esso vive in un Tempo &#91;&#8230;&#93;<\/p>\n","protected":false},"author":2,"featured_media":0,"comment_status":"open","ping_status":"closed","sticky":false,"template":"","format":"standard","meta":{"footnotes":""},"categories":[4],"tags":[],"class_list":["post-1952","post","type-post","status-publish","format-standard","hentry","category-voce-del-maestro"],"_links":{"self":[{"href":"https:\/\/centropurnayoga.it\/yoga\/wp-json\/wp\/v2\/posts\/1952","targetHints":{"allow":["GET"]}}],"collection":[{"href":"https:\/\/centropurnayoga.it\/yoga\/wp-json\/wp\/v2\/posts"}],"about":[{"href":"https:\/\/centropurnayoga.it\/yoga\/wp-json\/wp\/v2\/types\/post"}],"author":[{"embeddable":true,"href":"https:\/\/centropurnayoga.it\/yoga\/wp-json\/wp\/v2\/users\/2"}],"replies":[{"embeddable":true,"href":"https:\/\/centropurnayoga.it\/yoga\/wp-json\/wp\/v2\/comments?post=1952"}],"version-history":[{"count":8,"href":"https:\/\/centropurnayoga.it\/yoga\/wp-json\/wp\/v2\/posts\/1952\/revisions"}],"predecessor-version":[{"id":2118,"href":"https:\/\/centropurnayoga.it\/yoga\/wp-json\/wp\/v2\/posts\/1952\/revisions\/2118"}],"wp:attachment":[{"href":"https:\/\/centropurnayoga.it\/yoga\/wp-json\/wp\/v2\/media?parent=1952"}],"wp:term":[{"taxonomy":"category","embeddable":true,"href":"https:\/\/centropurnayoga.it\/yoga\/wp-json\/wp\/v2\/categories?post=1952"},{"taxonomy":"post_tag","embeddable":true,"href":"https:\/\/centropurnayoga.it\/yoga\/wp-json\/wp\/v2\/tags?post=1952"}],"curies":[{"name":"wp","href":"https:\/\/api.w.org\/{rel}","templated":true}]}}