{"id":2448,"date":"2019-10-12T08:56:02","date_gmt":"2019-10-12T08:56:02","guid":{"rendered":"http:\/\/www.centropurnayoga.it\/?p=2448"},"modified":"2019-08-02T11:46:04","modified_gmt":"2019-08-02T11:46:04","slug":"seminario-di-taiji-quan-e-qi-gong","status":"publish","type":"post","link":"https:\/\/centropurnayoga.it\/yoga\/seminario-di-taiji-quan-e-qi-gong\/","title":{"rendered":"Seminario di Taiji Quan e Qi Gong 2019"},"content":{"rendered":"<p><a href=\"https:\/\/centropurnayoga.it\/yoga\/wp-content\/uploads\/2018\/06\/tao.jpg\"><img loading=\"lazy\" decoding=\"async\" class=\"alignleft size-full wp-image-2449\" title=\"tao\" src=\"https:\/\/centropurnayoga.it\/yoga\/wp-content\/uploads\/2018\/06\/tao.jpg\" alt=\"\" width=\"130\" height=\"130\" \/><\/a> Dal <strong>12 al 16 ottobre 2019<\/strong>\u00a0il Centro Purna Yoga<br \/>\norganizza un seminario tenuto dal M\u00b0 Mario U. Verri sulle antiche\u00a0discipline cinesi del <strong>Tai-Chi <\/strong>e del\u00a0<strong>Qi-Gong.<\/strong><\/p>\n<p>Il seminario \u00e8 aperto a tutti e pu\u00f2 partecipare anche chi \u00e8\u00a0interessato soltanto alla disciplina del Qi-Gong, avvalendosi delle\u00a0lezioni teorico-pratiche e assistendo come osservatore all\u2019esercizio\u00a0delle Forme del Tai-Chi. Tali Forme sviluppano i principi del Qi-Gong\u00a0nei movimenti degli Stili marziali interni classici.<\/p>\n<p>In particolare il Qi-Gong, \u201cArte dell\u2019Energia Vitale\u201d, viene\u00a0sperimentato in quanto sistema olistico volto alla salute e\u00a0all\u2019evoluzione individuale attraverso la cura e l\u2019armonizzazione della\u00a0postura fisica, del respiro e della mente. Con particolari esercizi si\u00a0attivano e si regolano i percorsi energetici nei canali sottili del\u00a0corpo umano secondo la tradizione taoista, e si conducono i \u201csoffi\u201d\u00a0vitali ottimizzando le funzioni degli organi e di tutti gli apparati\u00a0interni, con l\u2019obiettivo di una eccellente risposta fisica, longevit\u00e0\u00a0e lucidit\u00e0 mentale.<\/p>\n<p>\u00c8 possibile iscriversi ed avere ulteriori informazioni presso la\u00a0Segreteria del Centro, o chiamando i numeri alla voce\u00a0&#8220;Contatti&#8221;<strong>.<\/strong><\/p>\n","protected":false},"excerpt":{"rendered":"<p>Dal 12 al 16 ottobre 2019\u00a0il Centro Purna Yoga organizza un seminario tenuto dal M\u00b0 Mario U. Verri sulle antiche\u00a0discipline cinesi del Tai-Chi e del\u00a0Qi-Gong. Il seminario \u00e8 aperto a tutti e pu\u00f2 partecipare anche chi \u00e8\u00a0interessato soltanto alla disciplina del Qi-Gong, avvalendosi delle\u00a0lezioni teorico-pratiche e assistendo come osservatore all\u2019esercizio\u00a0delle Forme del Tai-Chi. Tali Forme &#91;&#8230;&#93;<\/p>\n","protected":false},"author":1,"featured_media":2453,"comment_status":"open","ping_status":"closed","sticky":false,"template":"","format":"standard","meta":{"footnotes":""},"categories":[6],"tags":[],"class_list":["post-2448","post","type-post","status-publish","format-standard","has-post-thumbnail","hentry","category-1news"],"_links":{"self":[{"href":"https:\/\/centropurnayoga.it\/yoga\/wp-json\/wp\/v2\/posts\/2448","targetHints":{"allow":["GET"]}}],"collection":[{"href":"https:\/\/centropurnayoga.it\/yoga\/wp-json\/wp\/v2\/posts"}],"about":[{"href":"https:\/\/centropurnayoga.it\/yoga\/wp-json\/wp\/v2\/types\/post"}],"author":[{"embeddable":true,"href":"https:\/\/centropurnayoga.it\/yoga\/wp-json\/wp\/v2\/users\/1"}],"replies":[{"embeddable":true,"href":"https:\/\/centropurnayoga.it\/yoga\/wp-json\/wp\/v2\/comments?post=2448"}],"version-history":[{"count":12,"href":"https:\/\/centropurnayoga.it\/yoga\/wp-json\/wp\/v2\/posts\/2448\/revisions"}],"predecessor-version":[{"id":2454,"href":"https:\/\/centropurnayoga.it\/yoga\/wp-json\/wp\/v2\/posts\/2448\/revisions\/2454"}],"wp:featuredmedia":[{"embeddable":true,"href":"https:\/\/centropurnayoga.it\/yoga\/wp-json\/wp\/v2\/media\/2453"}],"wp:attachment":[{"href":"https:\/\/centropurnayoga.it\/yoga\/wp-json\/wp\/v2\/media?parent=2448"}],"wp:term":[{"taxonomy":"category","embeddable":true,"href":"https:\/\/centropurnayoga.it\/yoga\/wp-json\/wp\/v2\/categories?post=2448"},{"taxonomy":"post_tag","embeddable":true,"href":"https:\/\/centropurnayoga.it\/yoga\/wp-json\/wp\/v2\/tags?post=2448"}],"curies":[{"name":"wp","href":"https:\/\/api.w.org\/{rel}","templated":true}]}}