{"id":587,"date":"2012-02-12T16:47:01","date_gmt":"2012-02-12T16:47:01","guid":{"rendered":"http:\/\/www.kgfree.com\/yoga\/?p=587"},"modified":"2018-03-11T19:06:53","modified_gmt":"2018-03-11T19:06:53","slug":"maestro-post","status":"publish","type":"post","link":"https:\/\/centropurnayoga.it\/yoga\/maestro-post\/","title":{"rendered":"Il Maestro"},"content":{"rendered":"<p><strong><span class=\"image_styled\"><span class=\"image_frame\" style=\"width:350px;height:179px\"><a class=\"image_size_medium image_no_link\" title=\"\" href=\"#\"><img loading=\"lazy\" decoding=\"async\" width=\"350\" height=\"179\" alt=\"\" src=\"https:\/\/centropurnayoga.it\/yoga\/wp-content\/themes\/striking\/includes\/timthumb.php?src=\/wp-content\/uploads\/2012\/01\/maestro1.jpg&amp;h=179&amp;w=350&amp;zc=1\" \/><\/a><\/span><img decoding=\"async\" class=\"image_shadow\" width=\"352\" src=\"https:\/\/centropurnayoga.it\/yoga\/wp-content\/themes\/striking\/images\/image_shadow.png\"\/><\/span> Mario U. Verri<\/strong>,\u00a0maestro di Yoga e Tantra, insegna a Roma dal 1972 e dal 1973 ha fondato e dirige il Centro Purna Yoga, scuola di discipline orientali con precisi intenti didattici ed educativi, nella ferma convinzione che attraverso lo Yoga \u00e8 possibile risvegliare la coscienza individuale fino a rendere l&#8217;uomo padrone di s\u00e9. Dai numerosi viaggi e soggiorni presso gli ashram pi\u00f9 qualificati dell\u2019India, ha potuto attingere le conoscenze classiche di diverse scuole hindu, accogliendo ogni contributo utile a ritrovare l\u2019originaria purezza degli insegnamenti. Il maestro Verri pratica e insegna anche discipline prossime allo Yoga come il Tai-Ji e il Qi Gong, ed \u00e8 cultore della spiritualit\u00e0 dei nativi amerindiani e di altri antichi percorsi di conoscenza. Tali discipline permettono di dare &#8220;respiro&#8221; allo stesso Yoga.<br \/>\nOltre ai corsi in sede promuove seminari di approfondimento, corsi di formazione per insegnanti e svolge attivit\u00e0 di conferenziere.<br \/>\n\u00c8 referente per l\u2019Italia del <strong>Lonavla Yoga Institute<\/strong> <strong><\/strong>di\u00a0Bombay in India\u00a0e dal 2005 \u00e8 membro permanente del suo Consiglio di Consulenza.<br \/>\nHa curato la pubblicazione di opere della tradizione classica ed \u00e8 direttore della collana <em>Pagine del Loto <\/em>per l\u2019editrice Sovera Multimedia di Roma.<\/p>\n<p style=\"font-size: 12px;\"><em><span class=\"icon_text icon_tag orange\">Nel periodo di attivit\u00e0 del Centro, il Maestro Verri \u00e8 normalmente disponibile per un colloquio nei giorni di luned\u00ec, marted\u00ec, gioved\u00ec e venerd\u00ec dalle ore 18,30 alle ore 19.00<\/em><\/span> \u00a0<\/p>\n<div class=\"three_fourth last\">\n<div class=\"success\">\n<div class=\"message_box_content\">\n<p style=\"font-size: 11px; margin-left: 68px; line-height: 22px;\">La Direzione del <strong>Lonavla Yoga Institute <\/strong>(India) ha deciso di creare un <strong>Consiglio di Consulenza<\/strong>, composto da eminenti personalit\u00e0 nel campo dello Yoga, che sono state strettamente collegate al Dott. M.L. Gharote, con l&#8217;intenzione di promuovere le attivit\u00e0 e realizzare gli obiettivi dell\u2019Istituto. I Membri del Consiglio di Consulenza sono: Dott.<strong> Alicia Souto<\/strong>\u00a0(Argentina) Direttore Accademico del L.Y.I. (India); Dott.<strong> Vijay Pratap<\/strong> (India); Dott.<strong> Leopoldo Chariarse<\/strong>\u00a0(Germania);\u00a0Dott.<strong> M.V. Bhole<\/strong> (India);\u00a0Dott.<strong> Samprasad Vinod <\/strong>(India);\u00a0Dott.<strong> Pedro De Vicente <\/strong>(Spagna);\u00a0Prof.<strong> Marcos Rojo Rodrigues <\/strong>(Brasile);\u00a0Sig. <strong>Kavee Kongpakdeepong <\/strong>(Thailandia);\u00a0Sig.<strong> Mario Umberto Verri <\/strong>(Italia); Sig.<strong> Hiroshi Aikata<\/strong> (Giappone) Coordinatore per l\u2019Asia del L.Y.I. (India)<\/p>\n<p><em><a style=\"font-size: 11px; margin-left: 68px;\">&#8211; Tratto da \u201cYogapradipa\u201d, Marzo 2005 \u2013 pag. 25<\/a><\/em> <\/div>\n<div class=\"clearboth\"><\/div>\n<\/div>\n<\/div>\n<div class=\"clearboth\"><\/div>\n","protected":false},"excerpt":{"rendered":"<p>Mario U. Verri, Maestro di Yoga e Tantra, insegna a Roma dal 1972, nella ferma convinzione che attraverso lo Yoga \u00e8 possibile risvegliare la coscienza individuale fino a rendere l&#8217;uomo padrone di s\u00e9. Dai numerosi viaggi e soggiorni presso gli ashram pi\u00f9 qualificati dell\u2019India &#91;&#8230;&#93; <\/p>\n","protected":false},"author":1,"featured_media":1017,"comment_status":"closed","ping_status":"closed","sticky":false,"template":"","format":"standard","meta":{"footnotes":""},"categories":[1],"tags":[],"class_list":["post-587","post","type-post","status-publish","format-standard","has-post-thumbnail","hentry","category-senza-categoria"],"_links":{"self":[{"href":"https:\/\/centropurnayoga.it\/yoga\/wp-json\/wp\/v2\/posts\/587","targetHints":{"allow":["GET"]}}],"collection":[{"href":"https:\/\/centropurnayoga.it\/yoga\/wp-json\/wp\/v2\/posts"}],"about":[{"href":"https:\/\/centropurnayoga.it\/yoga\/wp-json\/wp\/v2\/types\/post"}],"author":[{"embeddable":true,"href":"https:\/\/centropurnayoga.it\/yoga\/wp-json\/wp\/v2\/users\/1"}],"replies":[{"embeddable":true,"href":"https:\/\/centropurnayoga.it\/yoga\/wp-json\/wp\/v2\/comments?post=587"}],"version-history":[{"count":7,"href":"https:\/\/centropurnayoga.it\/yoga\/wp-json\/wp\/v2\/posts\/587\/revisions"}],"predecessor-version":[{"id":1737,"href":"https:\/\/centropurnayoga.it\/yoga\/wp-json\/wp\/v2\/posts\/587\/revisions\/1737"}],"wp:featuredmedia":[{"embeddable":true,"href":"https:\/\/centropurnayoga.it\/yoga\/wp-json\/wp\/v2\/media\/1017"}],"wp:attachment":[{"href":"https:\/\/centropurnayoga.it\/yoga\/wp-json\/wp\/v2\/media?parent=587"}],"wp:term":[{"taxonomy":"category","embeddable":true,"href":"https:\/\/centropurnayoga.it\/yoga\/wp-json\/wp\/v2\/categories?post=587"},{"taxonomy":"post_tag","embeddable":true,"href":"https:\/\/centropurnayoga.it\/yoga\/wp-json\/wp\/v2\/tags?post=587"}],"curies":[{"name":"wp","href":"https:\/\/api.w.org\/{rel}","templated":true}]}}