{"id":880,"date":"2009-09-22T12:18:17","date_gmt":"2009-09-22T12:18:17","guid":{"rendered":"http:\/\/www.kgfree.com\/yoga\/?p=880"},"modified":"2009-09-22T12:18:17","modified_gmt":"2009-09-22T12:18:17","slug":"hathapradipika","status":"publish","type":"post","link":"https:\/\/centropurnayoga.it\/yoga\/hathapradipika\/","title":{"rendered":"Ha\u0163haprad\u00eepik\u00e2"},"content":{"rendered":"<h3>L\u2019insegnamento Profondo della Ha\u0163haprad\u00eepik\u00e2<\/h3>\n<p>I video della Relazione tenuta da Yog\u00e2ch\u00e2rya Mario Verri,\u00a0Fondatore e Maestro del Centro P\u00fbr\u0146a Yoga\u00a0alla <strong>Conferenza Mondiale dello Yoga<br \/>\n18-20 settembre 2009<\/strong><br \/>\nAuditorium S. Domenico \u2013 Roma<\/p>\n<section class=\"portfolios\">\n<div class=\"portfolio_wrap\">\n<ul class=\"portfolio_three_columns with_sidebar portfolio_container\">\n<li class=\"portfolio_item\" data-id=\"877\" data-type=\"insegnamento-profondo-della-hathapradipika\">\n<div class=\"image_styled portfolio_image\"><span class=\"image_frame\" style=\"height:170px\"><a class=\"image_icon_play lightbox\"  title=\"Parte 1\u00b0\" href=\"http:\/\/www.youtube.com\/watch?v=ZOuogn17eVk\" rel=\"portfolio_124\" data-width=\"600\" data-height=\"480\"><img loading=\"lazy\" decoding=\"async\" src=\"https:\/\/centropurnayoga.it\/yoga\/wp-content\/themes\/striking\/includes\/timthumb.php?src=\/wp-content\/uploads\/2012\/03\/conferenza.jpg&amp;h=170&amp;w=188&amp;zc=1\" width=\"188\" height=\"170\" title=\"Parte 1\u00b0\" alt=\"Parte 1\u00b0\" \/><\/a><\/span><img decoding=\"async\" src=\"https:\/\/centropurnayoga.it\/yoga\/wp-content\/themes\/striking\/images\/image_shadow.png\" class=\"image_shadow\"><\/div>\n<div class=\"portfolio_details\">\n<div class=\"portfolio_title\">Parte 1\u00b0<\/div>\n<div class=\"portfolio_desc\"><\/div>\n<\/div>\n<\/li>\n<li class=\"portfolio_item\" data-id=\"878\" data-type=\"insegnamento-profondo-della-hathapradipika\">\n<div class=\"image_styled portfolio_image\"><span class=\"image_frame\" style=\"height:170px\"><a class=\"image_icon_play lightbox\"  title=\"Parte 2\u00b0\" href=\"http:\/\/www.youtube.com\/watch?v=FaP2jgMzoIQ\" rel=\"portfolio_124\" data-width=\"600\" data-height=\"480\"><img loading=\"lazy\" decoding=\"async\" src=\"https:\/\/centropurnayoga.it\/yoga\/wp-content\/themes\/striking\/includes\/timthumb.php?src=\/wp-content\/uploads\/2012\/03\/conferenza2.jpg&amp;h=170&amp;w=188&amp;zc=1\" width=\"188\" height=\"170\" title=\"Parte 2\u00b0\" alt=\"Parte 2\u00b0\" \/><\/a><\/span><img decoding=\"async\" src=\"https:\/\/centropurnayoga.it\/yoga\/wp-content\/themes\/striking\/images\/image_shadow.png\" class=\"image_shadow\"><\/div>\n<div class=\"portfolio_details\">\n<div class=\"portfolio_title\">Parte 2\u00b0<\/div>\n<div class=\"portfolio_desc\"><\/div>\n<\/div>\n<\/li>\n<li class=\"portfolio_item\" data-id=\"879\" data-type=\"insegnamento-profondo-della-hathapradipika\">\n<div class=\"image_styled portfolio_image\"><span class=\"image_frame\" style=\"height:170px\"><a class=\"image_icon_play lightbox\"  title=\"Parte 3\u00b0\" href=\"http:\/\/www.youtube.com\/watch?v=6x4WvpQBjwc\" rel=\"portfolio_124\" data-width=\"600\" data-height=\"480\"><img loading=\"lazy\" decoding=\"async\" src=\"https:\/\/centropurnayoga.it\/yoga\/wp-content\/themes\/striking\/includes\/timthumb.php?src=\/wp-content\/uploads\/2012\/03\/conferenza3.jpg&amp;h=170&amp;w=188&amp;zc=1\" width=\"188\" height=\"170\" title=\"Parte 3\u00b0\" alt=\"Parte 3\u00b0\" \/><\/a><\/span><img decoding=\"async\" src=\"https:\/\/centropurnayoga.it\/yoga\/wp-content\/themes\/striking\/images\/image_shadow.png\" class=\"image_shadow\"><\/div>\n<div class=\"portfolio_details\">\n<div class=\"portfolio_title\">Parte 3\u00b0<\/div>\n<div class=\"portfolio_desc\"><\/div>\n<\/div>\n<\/li>\n<\/ul>\n<\/div>\n<\/section>\n","protected":false},"excerpt":{"rendered":"<p>I video della Relazione tenuta da Yog\u00e2ch\u00e2rya Mario Verri,\u00a0Fondatore e Maestro del Centro P\u00fbr\u0146a Yoga\u00a0alla Conferenza Mondiale dello Yoga a Roma, il 18-20 settembre 2009.<\/p>\n","protected":false},"author":1,"featured_media":898,"comment_status":"closed","ping_status":"closed","sticky":false,"template":"","format":"standard","meta":{"footnotes":""},"categories":[3],"tags":[],"class_list":["post-880","post","type-post","status-publish","format-standard","has-post-thumbnail","hentry","category-gallery"],"_links":{"self":[{"href":"https:\/\/centropurnayoga.it\/yoga\/wp-json\/wp\/v2\/posts\/880","targetHints":{"allow":["GET"]}}],"collection":[{"href":"https:\/\/centropurnayoga.it\/yoga\/wp-json\/wp\/v2\/posts"}],"about":[{"href":"https:\/\/centropurnayoga.it\/yoga\/wp-json\/wp\/v2\/types\/post"}],"author":[{"embeddable":true,"href":"https:\/\/centropurnayoga.it\/yoga\/wp-json\/wp\/v2\/users\/1"}],"replies":[{"embeddable":true,"href":"https:\/\/centropurnayoga.it\/yoga\/wp-json\/wp\/v2\/comments?post=880"}],"version-history":[{"count":0,"href":"https:\/\/centropurnayoga.it\/yoga\/wp-json\/wp\/v2\/posts\/880\/revisions"}],"wp:featuredmedia":[{"embeddable":true,"href":"https:\/\/centropurnayoga.it\/yoga\/wp-json\/wp\/v2\/media\/898"}],"wp:attachment":[{"href":"https:\/\/centropurnayoga.it\/yoga\/wp-json\/wp\/v2\/media?parent=880"}],"wp:term":[{"taxonomy":"category","embeddable":true,"href":"https:\/\/centropurnayoga.it\/yoga\/wp-json\/wp\/v2\/categories?post=880"},{"taxonomy":"post_tag","embeddable":true,"href":"https:\/\/centropurnayoga.it\/yoga\/wp-json\/wp\/v2\/tags?post=880"}],"curies":[{"name":"wp","href":"https:\/\/api.w.org\/{rel}","templated":true}]}}